{"id":4113,"date":"2019-12-15T09:31:26","date_gmt":"2019-12-15T09:31:26","guid":{"rendered":"http:\/\/www.kainoo.ch\/?p=2519"},"modified":"2023-11-22T11:52:34","modified_gmt":"2023-11-22T10:52:34","slug":"steiner-sa-aux-portes-de-sion","status":"publish","type":"post","link":"https:\/\/kainoo.ch\/de\/steiner-sa-aux-portes-de-sion\/","title":{"rendered":"Steiner SA \u00ab Aux portes de Sion \u00bb"},"content":{"rendered":"[et_pb_section admin_label=&#8220;section&#8220;]\n\t\t\t[et_pb_row admin_label=&#8220;row&#8220;]\n\t\t\t\t[et_pb_column type=&#8220;4_4&#8243;][et_pb_text admin_label=&#8220;Text&#8220;]\n<figure class=\"wp-block-embed is-type-video is-provider-youtube wp-block-embed-youtube wp-embed-aspect-16-9 wp-has-aspect-ratio\"><div class=\"wp-block-embed__wrapper\">\n<iframe title=\"Promotion Bramois\" width=\"1080\" height=\"608\" src=\"https:\/\/www.youtube.com\/embed\/XQNa4oVrS7M?feature=oembed&#038;enablejsapi=1&#038;origin=https:\/\/kainoo.ch\"  allow=\"accelerometer; autoplay; clipboard-write; encrypted-media; gyroscope; picture-in-picture\" allowfullscreen><\/iframe>\n<\/div><\/figure>\n\n\n<h3>88 logements du 2.5 au 5.5 pi\u00e8ces<\/h3>\n<p>Le projet immobilier \u00ab Les Rives de Bramois \u00bb est situ\u00e9 sur une parcelle d\u2019environ 18\u2019000 m<sup>2<\/sup>\u00a0\u00e0 la p\u00e9riph\u00e9rie de Sion o\u00f9 l\u2019accent est mis sur la nature et le d\u00e9veloppement durable. Seul le 20% de la superficie est d\u00e9di\u00e9e aux b\u00e2timents, le solde \u00e9tant consacr\u00e9 \u00e0 des espaces verts ainsi qu\u2019\u00e0 la mobilit\u00e9 douce.<\/p>\n<p>Une attention particuli\u00e8re est apport\u00e9e \u00e0 l\u2019enveloppe des b\u00e2timents afin de r\u00e9pondre aux exigences du label MINERGIE, garantie d\u2019un standing \u00e9lev\u00e9 au niveau du confort tout en respectant un aspect naturel. Le parking souterrain, avec acc\u00e8s direct \u00e0 chaque b\u00e2timent, assure s\u00e9curit\u00e9 et bien-\u00eatre aux habitants qui peuvent profiter en toute qui\u00e9tude de leur logement.<\/p>\n<h3>Situation<\/h3>\n<p>Aux portes de Sion, l\u2019emplacement id\u00e9al des \u00ab Rives de Bramois \u00bb vous offre une qualit\u00e9 de vie dans un cadre verdoyant profitant de toutes les commodit\u00e9s de la ville.<\/p>\n<p>Ce nouveau quartier particuli\u00e8rement bien desservi par les transports publics et avec un acc\u00e8s rapide \u00e0 l\u2019autoroute A9 (Yverdon-Sierre) se situe \u00e0 proximit\u00e9 de : gare, infrastructures scolaires, magasins, bureau de poste, caf\u00e9s, restaurants, h\u00f4pital du Valais, etc. et permet d\u2019acc\u00e9der aux stations de ski en seulement 30 minutes.<\/p>\n<h3>Les appartements<\/h3>\n<p>Le concept immobilier comporte 11 b\u00e2timents, destin\u00e9s \u00e0 la vente PPE. Chacun compte 8 logements du 2.5 au 5.5 pi\u00e8ces sur 2 \u00e9tages et en attique. Les appartements profitent de vues d\u00e9gag\u00e9es sur les montagnes avoisinantes gr\u00e2ce \u00e0 l\u2019acc\u00e8s direct \u00e0 une terrasse, une loggia ou un jardin\/terrasse priv\u00e9.<\/p>\n<p>Les diff\u00e9rents lots ont des lignes contemporaines et sont minutieusement con\u00e7us pour se fondre harmonieusement dans l\u2019environnement tant au niveau de l\u2019architecture que par le choix des mat\u00e9riaux.<\/p>\n<p>\u00a0<\/p>\n<p>Les visites 3D Interactive des 88 appartements sur plans sont disponibles aupr\u00e8s des courtiers et vendeurs, sur le site\u00a0<a href=\"http:\/\/www.les-rives-de-bramois.ch\/\" target=\"_blank\" rel=\"noopener noreferrer\" class=\"broken_link\">www.les-rives-de-bramois.ch<\/a>,\u00a0<a href=\"http:\/\/www.custimmo.com\/\" target=\"_blank\" rel=\"noopener noreferrer\">www.custimmo.com<\/a>\u00a0et\u00a0<a href=\"https:\/\/play.google.com\/store\/apps\/details?id=ch.kainoo.visite.bramois&amp;hl=fr\" target=\"_blank\" rel=\"noopener noreferrer\">Google Play<\/a>.<\/p>[\/et_pb_text][\/et_pb_column]\n\t\t\t[\/et_pb_row]\n\t\t[\/et_pb_section]","protected":false},"excerpt":{"rendered":"<p>https:\/\/youtube.com\/watch?v=XQNa4oVrS7M 88 logements du 2.5 au 5.5 pi\u00e8ces Le projet immobilier \u00ab Les Rives de Bramois \u00bb est situ\u00e9 sur une parcelle d\u2019environ 18\u2019000 m2\u00a0\u00e0 la p\u00e9riph\u00e9rie de Sion o\u00f9 l\u2019accent est mis sur la nature et le d\u00e9veloppement durable. Seul le 20% de la superficie est d\u00e9di\u00e9e aux b\u00e2timents, le solde \u00e9tant consacr\u00e9 \u00e0 [&hellip;]<\/p>\n","protected":false},"author":1,"featured_media":6372,"comment_status":"closed","ping_status":"open","sticky":false,"template":"","format":"standard","meta":{"_et_pb_use_builder":"on","_et_pb_old_content":"<!-- wp:embed {\"url\":\"https:\/\/youtube.com\/watch?v=XQNa4oVrS7M\",\"type\":\"video\",\"providerNameSlug\":\"youtube\",\"responsive\":true,\"className\":\"wp-embed-aspect-16-9 wp-has-aspect-ratio\"} -->\n<figure class=\"wp-block-embed is-type-video is-provider-youtube wp-block-embed-youtube wp-embed-aspect-16-9 wp-has-aspect-ratio\"><div class=\"wp-block-embed__wrapper\">\nhttps:\/\/youtube.com\/watch?v=XQNa4oVrS7M\n<\/div><\/figure>\n<!-- \/wp:embed -->\n\n<h3>88 logements du 2.5 au 5.5 pi\u00e8ces<\/h3>\n<p>Le projet immobilier \u00ab Les Rives de Bramois \u00bb est situ\u00e9 sur une parcelle d\u2019environ 18\u2019000 m<sup>2<\/sup>\u00a0\u00e0 la p\u00e9riph\u00e9rie de Sion o\u00f9 l\u2019accent est mis sur la nature et le d\u00e9veloppement durable. Seul le 20% de la superficie est d\u00e9di\u00e9e aux b\u00e2timents, le solde \u00e9tant consacr\u00e9 \u00e0 des espaces verts ainsi qu\u2019\u00e0 la mobilit\u00e9 douce.<\/p>\n<p>Une attention particuli\u00e8re est apport\u00e9e \u00e0 l\u2019enveloppe des b\u00e2timents afin de r\u00e9pondre aux exigences du label MINERGIE, garantie d\u2019un standing \u00e9lev\u00e9 au niveau du confort tout en respectant un aspect naturel. Le parking souterrain, avec acc\u00e8s direct \u00e0 chaque b\u00e2timent, assure s\u00e9curit\u00e9 et bien-\u00eatre aux habitants qui peuvent profiter en toute qui\u00e9tude de leur logement.<\/p>\n<h3>Situation<\/h3>\n<p>Aux portes de Sion, l\u2019emplacement id\u00e9al des \u00ab Rives de Bramois \u00bb vous offre une qualit\u00e9 de vie dans un cadre verdoyant profitant de toutes les commodit\u00e9s de la ville.<\/p>\n<p>Ce nouveau quartier particuli\u00e8rement bien desservi par les transports publics et avec un acc\u00e8s rapide \u00e0 l\u2019autoroute A9 (Yverdon-Sierre) se situe \u00e0 proximit\u00e9 de : gare, infrastructures scolaires, magasins, bureau de poste, caf\u00e9s, restaurants, h\u00f4pital du Valais, etc. et permet d\u2019acc\u00e9der aux stations de ski en seulement 30 minutes.<\/p>\n<h3>Les appartements<\/h3>\n<p>Le concept immobilier comporte 11 b\u00e2timents, destin\u00e9s \u00e0 la vente PPE. Chacun compte 8 logements du 2.5 au 5.5 pi\u00e8ces sur 2 \u00e9tages et en attique. Les appartements profitent de vues d\u00e9gag\u00e9es sur les montagnes avoisinantes gr\u00e2ce \u00e0 l\u2019acc\u00e8s direct \u00e0 une terrasse, une loggia ou un jardin\/terrasse priv\u00e9.<\/p>\n<p>Les diff\u00e9rents lots ont des lignes contemporaines et sont minutieusement con\u00e7us pour se fondre harmonieusement dans l\u2019environnement tant au niveau de l\u2019architecture que par le choix des mat\u00e9riaux.<\/p>\n<p>\u00a0<\/p>\n<p>Les visites 3D Interactive des 88 appartements sur plans sont disponibles aupr\u00e8s des courtiers et vendeurs, sur le site\u00a0<a href=\"http:\/\/www.les-rives-de-bramois.ch\/\" target=\"_blank\" rel=\"noopener noreferrer\">www.les-rives-de-bramois.ch<\/a>,\u00a0<a href=\"http:\/\/www.custimmo.com\/\" target=\"_blank\" rel=\"noopener noreferrer\">www.custimmo.com<\/a>\u00a0et\u00a0<a href=\"https:\/\/play.google.com\/store\/apps\/details?id=ch.kainoo.visite.bramois&amp;hl=fr\" target=\"_blank\" rel=\"noopener noreferrer\">Google Play<\/a>.<\/p>","_et_gb_content_width":"","inline_featured_image":false,"footnotes":""},"categories":[23,72,20],"tags":[],"class_list":["post-4113","post","type-post","status-publish","format-standard","has-post-thumbnail","hentry","category-immobilier","category-nos-realisations","category-realite-virtuelle-3d"],"yoast_head":"<!-- This site is optimized with the Yoast SEO plugin v27.4 - https:\/\/yoast.com\/product\/yoast-seo-wordpress\/ -->\n<title>Steiner SA \u00ab Aux portes de Sion \u00bb - Ka\u00efnoo<\/title>\n<meta name=\"robots\" content=\"index, follow, max-snippet:-1, max-image-preview:large, max-video-preview:-1\" \/>\n<link rel=\"canonical\" href=\"https:\/\/kainoo.ch\/steiner-sa-aux-portes-de-sion\/\" \/>\n<meta property=\"og:locale\" content=\"de_DE\" \/>\n<meta property=\"og:type\" content=\"article\" \/>\n<meta property=\"og:title\" content=\"Steiner SA \u00ab Aux portes de Sion \u00bb - Ka\u00efnoo\" \/>\n<meta property=\"og:url\" content=\"https:\/\/kainoo.ch\/steiner-sa-aux-portes-de-sion\/\" \/>\n<meta property=\"og:site_name\" content=\"Ka\u00efnoo\" \/>\n<meta property=\"article:publisher\" content=\"https:\/\/www.facebook.com\/kainoo3D\" \/>\n<meta property=\"article:published_time\" content=\"2019-12-15T09:31:26+00:00\" \/>\n<meta property=\"article:modified_time\" content=\"2023-11-22T10:52:34+00:00\" \/>\n<meta property=\"og:image\" content=\"https:\/\/kainoo.ch\/wp-content\/uploads\/2019\/12\/STEINER_BRAMOIS_2020_B_HD_01-v2-scaled-e1645086306902.jpg\" \/>\n\t<meta property=\"og:image:width\" content=\"2560\" \/>\n\t<meta property=\"og:image:height\" content=\"1184\" \/>\n\t<meta property=\"og:image:type\" content=\"image\/jpeg\" \/>\n<meta name=\"author\" content=\"Ka\u00efnoo S\u00e0rl\" \/>\n<meta name=\"twitter:card\" content=\"summary_large_image\" \/>\n<meta name=\"twitter:creator\" content=\"@kainoo_ch\" \/>\n<meta name=\"twitter:site\" content=\"@kainoo_ch\" \/>\n<meta name=\"twitter:label1\" content=\"Verfasst von\" \/>\n\t<meta name=\"twitter:data1\" content=\"Ka\u00efnoo S\u00e0rl\" \/>\n\t<meta name=\"twitter:label2\" content=\"Gesch\u00e4tzte Lesezeit\" \/>\n\t<meta name=\"twitter:data2\" content=\"2\u00a0Minuten\" \/>\n<script type=\"application\/ld+json\" class=\"yoast-schema-graph\">{\"@context\":\"https:\\\/\\\/schema.org\",\"@graph\":[{\"@type\":\"Article\",\"@id\":\"https:\\\/\\\/kainoo.ch\\\/steiner-sa-aux-portes-de-sion\\\/#article\",\"isPartOf\":{\"@id\":\"https:\\\/\\\/kainoo.ch\\\/steiner-sa-aux-portes-de-sion\\\/\"},\"author\":{\"name\":\"Ka\u00efnoo S\u00e0rl\",\"@id\":\"https:\\\/\\\/kainoo.ch\\\/#\\\/schema\\\/person\\\/5176c2a2e300963ee821484d11592968\"},\"headline\":\"Steiner SA \u00ab Aux portes de Sion \u00bb\",\"datePublished\":\"2019-12-15T09:31:26+00:00\",\"dateModified\":\"2023-11-22T10:52:34+00:00\",\"mainEntityOfPage\":{\"@id\":\"https:\\\/\\\/kainoo.ch\\\/steiner-sa-aux-portes-de-sion\\\/\"},\"wordCount\":372,\"publisher\":{\"@id\":\"https:\\\/\\\/kainoo.ch\\\/#organization\"},\"image\":{\"@id\":\"https:\\\/\\\/kainoo.ch\\\/steiner-sa-aux-portes-de-sion\\\/#primaryimage\"},\"thumbnailUrl\":\"https:\\\/\\\/kainoo.ch\\\/wp-content\\\/uploads\\\/2019\\\/12\\\/STEINER_BRAMOIS_2020_B_HD_01-v2-scaled-e1645086306902.jpg\",\"articleSection\":[\"Immobilier\",\"Nos r\u00e9alisations\",\"R\u00e9alit\u00e9 virtuelle 3D\"],\"inLanguage\":\"de\"},{\"@type\":\"WebPage\",\"@id\":\"https:\\\/\\\/kainoo.ch\\\/steiner-sa-aux-portes-de-sion\\\/\",\"url\":\"https:\\\/\\\/kainoo.ch\\\/steiner-sa-aux-portes-de-sion\\\/\",\"name\":\"Steiner SA \u00ab Aux portes de Sion \u00bb - Ka\u00efnoo\",\"isPartOf\":{\"@id\":\"https:\\\/\\\/kainoo.ch\\\/#website\"},\"primaryImageOfPage\":{\"@id\":\"https:\\\/\\\/kainoo.ch\\\/steiner-sa-aux-portes-de-sion\\\/#primaryimage\"},\"image\":{\"@id\":\"https:\\\/\\\/kainoo.ch\\\/steiner-sa-aux-portes-de-sion\\\/#primaryimage\"},\"thumbnailUrl\":\"https:\\\/\\\/kainoo.ch\\\/wp-content\\\/uploads\\\/2019\\\/12\\\/STEINER_BRAMOIS_2020_B_HD_01-v2-scaled-e1645086306902.jpg\",\"datePublished\":\"2019-12-15T09:31:26+00:00\",\"dateModified\":\"2023-11-22T10:52:34+00:00\",\"breadcrumb\":{\"@id\":\"https:\\\/\\\/kainoo.ch\\\/steiner-sa-aux-portes-de-sion\\\/#breadcrumb\"},\"inLanguage\":\"de\",\"potentialAction\":[{\"@type\":\"ReadAction\",\"target\":[\"https:\\\/\\\/kainoo.ch\\\/steiner-sa-aux-portes-de-sion\\\/\"]}]},{\"@type\":\"ImageObject\",\"inLanguage\":\"de\",\"@id\":\"https:\\\/\\\/kainoo.ch\\\/steiner-sa-aux-portes-de-sion\\\/#primaryimage\",\"url\":\"https:\\\/\\\/kainoo.ch\\\/wp-content\\\/uploads\\\/2019\\\/12\\\/STEINER_BRAMOIS_2020_B_HD_01-v2-scaled-e1645086306902.jpg\",\"contentUrl\":\"https:\\\/\\\/kainoo.ch\\\/wp-content\\\/uploads\\\/2019\\\/12\\\/STEINER_BRAMOIS_2020_B_HD_01-v2-scaled-e1645086306902.jpg\",\"width\":2560,\"height\":1184},{\"@type\":\"BreadcrumbList\",\"@id\":\"https:\\\/\\\/kainoo.ch\\\/steiner-sa-aux-portes-de-sion\\\/#breadcrumb\",\"itemListElement\":[{\"@type\":\"ListItem\",\"position\":1,\"name\":\"Accueil\",\"item\":\"https:\\\/\\\/kainoo.ch\\\/de\\\/home\\\/\"},{\"@type\":\"ListItem\",\"position\":2,\"name\":\"Steiner SA \u00ab Aux portes de Sion \u00bb\"}]},{\"@type\":\"WebSite\",\"@id\":\"https:\\\/\\\/kainoo.ch\\\/#website\",\"url\":\"https:\\\/\\\/kainoo.ch\\\/\",\"name\":\"KA\u00cfNOO S\u00e0rl\",\"description\":\"3D-Ingenieure und virtuelle Entwickler\",\"publisher\":{\"@id\":\"https:\\\/\\\/kainoo.ch\\\/#organization\"},\"alternateName\":\"KA\u00cfNOO\",\"potentialAction\":[{\"@type\":\"SearchAction\",\"target\":{\"@type\":\"EntryPoint\",\"urlTemplate\":\"https:\\\/\\\/kainoo.ch\\\/?s={search_term_string}\"},\"query-input\":{\"@type\":\"PropertyValueSpecification\",\"valueRequired\":true,\"valueName\":\"search_term_string\"}}],\"inLanguage\":\"de\"},{\"@type\":\"Organization\",\"@id\":\"https:\\\/\\\/kainoo.ch\\\/#organization\",\"name\":\"Ka\u00efnoo\",\"url\":\"https:\\\/\\\/kainoo.ch\\\/\",\"logo\":{\"@type\":\"ImageObject\",\"inLanguage\":\"de\",\"@id\":\"https:\\\/\\\/kainoo.ch\\\/#\\\/schema\\\/logo\\\/image\\\/\",\"url\":\"https:\\\/\\\/kainoo.ch\\\/wp-content\\\/uploads\\\/2021\\\/10\\\/logo-Kainoo.png\",\"contentUrl\":\"https:\\\/\\\/kainoo.ch\\\/wp-content\\\/uploads\\\/2021\\\/10\\\/logo-Kainoo.png\",\"width\":277,\"height\":40,\"caption\":\"Ka\u00efnoo\"},\"image\":{\"@id\":\"https:\\\/\\\/kainoo.ch\\\/#\\\/schema\\\/logo\\\/image\\\/\"},\"sameAs\":[\"https:\\\/\\\/www.facebook.com\\\/kainoo3D\",\"https:\\\/\\\/x.com\\\/kainoo_ch\",\"https:\\\/\\\/www.linkedin.com\\\/company\\\/5173815\\\/\"]},{\"@type\":\"Person\",\"@id\":\"https:\\\/\\\/kainoo.ch\\\/#\\\/schema\\\/person\\\/5176c2a2e300963ee821484d11592968\",\"name\":\"Ka\u00efnoo S\u00e0rl\",\"sameAs\":[\"https:\\\/\\\/kainoo.ch\"]}]}<\/script>\n<!-- \/ Yoast SEO plugin. -->","yoast_head_json":{"title":"Steiner SA \u00ab Aux portes de Sion \u00bb - Ka\u00efnoo","robots":{"index":"index","follow":"follow","max-snippet":"max-snippet:-1","max-image-preview":"max-image-preview:large","max-video-preview":"max-video-preview:-1"},"canonical":"https:\/\/kainoo.ch\/steiner-sa-aux-portes-de-sion\/","og_locale":"de_DE","og_type":"article","og_title":"Steiner SA \u00ab Aux portes de Sion \u00bb - Ka\u00efnoo","og_url":"https:\/\/kainoo.ch\/steiner-sa-aux-portes-de-sion\/","og_site_name":"Ka\u00efnoo","article_publisher":"https:\/\/www.facebook.com\/kainoo3D","article_published_time":"2019-12-15T09:31:26+00:00","article_modified_time":"2023-11-22T10:52:34+00:00","og_image":[{"width":2560,"height":1184,"url":"https:\/\/kainoo.ch\/wp-content\/uploads\/2019\/12\/STEINER_BRAMOIS_2020_B_HD_01-v2-scaled-e1645086306902.jpg","type":"image\/jpeg"}],"author":"Ka\u00efnoo S\u00e0rl","twitter_card":"summary_large_image","twitter_creator":"@kainoo_ch","twitter_site":"@kainoo_ch","twitter_misc":{"Verfasst von":"Ka\u00efnoo S\u00e0rl","Gesch\u00e4tzte Lesezeit":"2\u00a0Minuten"},"schema":{"@context":"https:\/\/schema.org","@graph":[{"@type":"Article","@id":"https:\/\/kainoo.ch\/steiner-sa-aux-portes-de-sion\/#article","isPartOf":{"@id":"https:\/\/kainoo.ch\/steiner-sa-aux-portes-de-sion\/"},"author":{"name":"Ka\u00efnoo S\u00e0rl","@id":"https:\/\/kainoo.ch\/#\/schema\/person\/5176c2a2e300963ee821484d11592968"},"headline":"Steiner SA \u00ab Aux portes de Sion \u00bb","datePublished":"2019-12-15T09:31:26+00:00","dateModified":"2023-11-22T10:52:34+00:00","mainEntityOfPage":{"@id":"https:\/\/kainoo.ch\/steiner-sa-aux-portes-de-sion\/"},"wordCount":372,"publisher":{"@id":"https:\/\/kainoo.ch\/#organization"},"image":{"@id":"https:\/\/kainoo.ch\/steiner-sa-aux-portes-de-sion\/#primaryimage"},"thumbnailUrl":"https:\/\/kainoo.ch\/wp-content\/uploads\/2019\/12\/STEINER_BRAMOIS_2020_B_HD_01-v2-scaled-e1645086306902.jpg","articleSection":["Immobilier","Nos r\u00e9alisations","R\u00e9alit\u00e9 virtuelle 3D"],"inLanguage":"de"},{"@type":"WebPage","@id":"https:\/\/kainoo.ch\/steiner-sa-aux-portes-de-sion\/","url":"https:\/\/kainoo.ch\/steiner-sa-aux-portes-de-sion\/","name":"Steiner SA \u00ab Aux portes de Sion \u00bb - Ka\u00efnoo","isPartOf":{"@id":"https:\/\/kainoo.ch\/#website"},"primaryImageOfPage":{"@id":"https:\/\/kainoo.ch\/steiner-sa-aux-portes-de-sion\/#primaryimage"},"image":{"@id":"https:\/\/kainoo.ch\/steiner-sa-aux-portes-de-sion\/#primaryimage"},"thumbnailUrl":"https:\/\/kainoo.ch\/wp-content\/uploads\/2019\/12\/STEINER_BRAMOIS_2020_B_HD_01-v2-scaled-e1645086306902.jpg","datePublished":"2019-12-15T09:31:26+00:00","dateModified":"2023-11-22T10:52:34+00:00","breadcrumb":{"@id":"https:\/\/kainoo.ch\/steiner-sa-aux-portes-de-sion\/#breadcrumb"},"inLanguage":"de","potentialAction":[{"@type":"ReadAction","target":["https:\/\/kainoo.ch\/steiner-sa-aux-portes-de-sion\/"]}]},{"@type":"ImageObject","inLanguage":"de","@id":"https:\/\/kainoo.ch\/steiner-sa-aux-portes-de-sion\/#primaryimage","url":"https:\/\/kainoo.ch\/wp-content\/uploads\/2019\/12\/STEINER_BRAMOIS_2020_B_HD_01-v2-scaled-e1645086306902.jpg","contentUrl":"https:\/\/kainoo.ch\/wp-content\/uploads\/2019\/12\/STEINER_BRAMOIS_2020_B_HD_01-v2-scaled-e1645086306902.jpg","width":2560,"height":1184},{"@type":"BreadcrumbList","@id":"https:\/\/kainoo.ch\/steiner-sa-aux-portes-de-sion\/#breadcrumb","itemListElement":[{"@type":"ListItem","position":1,"name":"Accueil","item":"https:\/\/kainoo.ch\/de\/home\/"},{"@type":"ListItem","position":2,"name":"Steiner SA \u00ab Aux portes de Sion \u00bb"}]},{"@type":"WebSite","@id":"https:\/\/kainoo.ch\/#website","url":"https:\/\/kainoo.ch\/","name":"KA\u00cfNOO S\u00e0rl","description":"3D-Ingenieure und virtuelle Entwickler","publisher":{"@id":"https:\/\/kainoo.ch\/#organization"},"alternateName":"KA\u00cfNOO","potentialAction":[{"@type":"SearchAction","target":{"@type":"EntryPoint","urlTemplate":"https:\/\/kainoo.ch\/?s={search_term_string}"},"query-input":{"@type":"PropertyValueSpecification","valueRequired":true,"valueName":"search_term_string"}}],"inLanguage":"de"},{"@type":"Organization","@id":"https:\/\/kainoo.ch\/#organization","name":"Ka\u00efnoo","url":"https:\/\/kainoo.ch\/","logo":{"@type":"ImageObject","inLanguage":"de","@id":"https:\/\/kainoo.ch\/#\/schema\/logo\/image\/","url":"https:\/\/kainoo.ch\/wp-content\/uploads\/2021\/10\/logo-Kainoo.png","contentUrl":"https:\/\/kainoo.ch\/wp-content\/uploads\/2021\/10\/logo-Kainoo.png","width":277,"height":40,"caption":"Ka\u00efnoo"},"image":{"@id":"https:\/\/kainoo.ch\/#\/schema\/logo\/image\/"},"sameAs":["https:\/\/www.facebook.com\/kainoo3D","https:\/\/x.com\/kainoo_ch","https:\/\/www.linkedin.com\/company\/5173815\/"]},{"@type":"Person","@id":"https:\/\/kainoo.ch\/#\/schema\/person\/5176c2a2e300963ee821484d11592968","name":"Ka\u00efnoo S\u00e0rl","sameAs":["https:\/\/kainoo.ch"]}]}},"_links":{"self":[{"href":"https:\/\/kainoo.ch\/de\/wp-json\/wp\/v2\/posts\/4113","targetHints":{"allow":["GET"]}}],"collection":[{"href":"https:\/\/kainoo.ch\/de\/wp-json\/wp\/v2\/posts"}],"about":[{"href":"https:\/\/kainoo.ch\/de\/wp-json\/wp\/v2\/types\/post"}],"author":[{"embeddable":true,"href":"https:\/\/kainoo.ch\/de\/wp-json\/wp\/v2\/users\/1"}],"replies":[{"embeddable":true,"href":"https:\/\/kainoo.ch\/de\/wp-json\/wp\/v2\/comments?post=4113"}],"version-history":[{"count":3,"href":"https:\/\/kainoo.ch\/de\/wp-json\/wp\/v2\/posts\/4113\/revisions"}],"predecessor-version":[{"id":10910,"href":"https:\/\/kainoo.ch\/de\/wp-json\/wp\/v2\/posts\/4113\/revisions\/10910"}],"wp:featuredmedia":[{"embeddable":true,"href":"https:\/\/kainoo.ch\/de\/wp-json\/wp\/v2\/media\/6372"}],"wp:attachment":[{"href":"https:\/\/kainoo.ch\/de\/wp-json\/wp\/v2\/media?parent=4113"}],"wp:term":[{"taxonomy":"category","embeddable":true,"href":"https:\/\/kainoo.ch\/de\/wp-json\/wp\/v2\/categories?post=4113"},{"taxonomy":"post_tag","embeddable":true,"href":"https:\/\/kainoo.ch\/de\/wp-json\/wp\/v2\/tags?post=4113"}],"curies":[{"name":"wp","href":"https:\/\/api.w.org\/{rel}","templated":true}]}}