{"id":10118,"date":"2023-06-14T10:26:48","date_gmt":"2023-06-14T08:26:48","guid":{"rendered":"https:\/\/kainoo.ch\/?p=10118"},"modified":"2023-11-21T10:23:55","modified_gmt":"2023-11-21T09:23:55","slug":"kainoo-a-ete-choisi-pour-la-prise-de-mesure-dun-batiment-des-cff","status":"publish","type":"post","link":"https:\/\/kainoo.ch\/de\/kainoo-a-ete-choisi-pour-la-prise-de-mesure-dun-batiment-des-cff\/","title":{"rendered":"KA\u00cfNOO a \u00e9t\u00e9 choisi pour la Prise de mesure d&#8217;un b\u00e2timent des CFF"},"content":{"rendered":"<p>[et_pb_section fb_built=&#8220;1&#8243; admin_label=&#8220;section&#8220; _builder_version=&#8220;3.22&#8243; da_disable_devices=&#8220;off|off|off&#8220; global_colors_info=&#8220;{}&#8220; theme_builder_area=&#8220;post_content&#8220; da_is_popup=&#8220;off&#8220; da_exit_intent=&#8220;off&#8220; da_has_close=&#8220;on&#8220; da_alt_close=&#8220;off&#8220; da_dark_close=&#8220;off&#8220; da_not_modal=&#8220;on&#8220; da_is_singular=&#8220;off&#8220; da_with_loader=&#8220;off&#8220; da_has_shadow=&#8220;on&#8220;][et_pb_row admin_label=&#8220;row&#8220; _builder_version=&#8220;3.25&#8243; background_size=&#8220;initial&#8220; background_position=&#8220;top_left&#8220; background_repeat=&#8220;repeat&#8220; global_colors_info=&#8220;{}&#8220; theme_builder_area=&#8220;post_content&#8220;][et_pb_column type=&#8220;4_4&#8243; _builder_version=&#8220;3.25&#8243; custom_padding=&#8220;|||&#8220; global_colors_info=&#8220;{}&#8220; custom_padding__hover=&#8220;|||&#8220; theme_builder_area=&#8220;post_content&#8220;][et_pb_text admin_label=&#8220;Text&#8220; _builder_version=&#8220;3.27.4&#8243; background_size=&#8220;initial&#8220; background_position=&#8220;top_left&#8220; background_repeat=&#8220;repeat&#8220; global_colors_info=&#8220;{}&#8220; theme_builder_area=&#8220;post_content&#8220;]La team KA\u00cfNOO a \u00e9t\u00e9 choisie pour participer au projet de r\u00e9novation de la gare de la Chaux-de-Fonds !<\/p>\n<p>Nous sommes ravis de renouveler notre collaboration avec l&#8217;\u00e9quipe de Wae S\u00e0rl, mandat\u00e9e pour ce projet et nous les remercions pour leur confiance.<\/p>\n<p>Gr\u00e2ce aux mesures 3D, plans du nuage de points et photos 360\u00b0, notre \u00e9quipe va cr\u00e9er une maquette 3D ArchiCAD d\u2019une zone du b\u00e2timent et monter un dossier de plans 2D.<\/p>\n<p>Notre \u00e9quipe commence d\u00e8s aujourd\u2019hui le traitement des donn\u00e9es acquises lors de l\u2019intervention de scanning. Apr\u00e8s avoir assembl\u00e9 toutes les positions de scans, nous pourrons d\u00e9velopper et livrer les plans et coupes ainsi que la mise en ligne avec acc\u00e8s s\u00e9curis\u00e9 sur notre site, https:\/\/scans.kainoo.ch.[\/et_pb_text][\/et_pb_column][\/et_pb_row][\/et_pb_section]<\/p>\n","protected":false},"excerpt":{"rendered":"<p>La team KA\u00cfNOO a \u00e9t\u00e9 choisie pour participer au projet de r\u00e9novation de la gare de la Chaux-de-Fonds ! Nous sommes ravis de renouveler notre collaboration avec l&#8217;\u00e9quipe de Wae S\u00e0rl, mandat\u00e9e pour ce projet et nous les remercions pour leur confiance. Gr\u00e2ce aux mesures 3D, plans du nuage de points et photos 360\u00b0, notre [&hellip;]<\/p>\n","protected":false},"author":5,"featured_media":10119,"comment_status":"closed","ping_status":"open","sticky":false,"template":"","format":"standard","meta":{"_et_pb_use_builder":"on","_et_pb_old_content":"<!-- wp:paragraph -->\n<p>La team KA\u00cfNOO a \u00e9t\u00e9 choisie pour participer au projet de r\u00e9novation de la gare de la Chaux-de-Fonds ! <\/p>\n<!-- \/wp:paragraph -->\n\n<!-- wp:paragraph -->\n<p>Nous sommes ravis de renouveler notre collaboration avec l'\u00e9quipe de Wae S\u00e0rl, mandat\u00e9e pour ce projet et nous les remercions pour leur confiance.<\/p>\n<!-- \/wp:paragraph -->\n\n<!-- wp:paragraph -->\n<p>Gr\u00e2ce aux mesures 3D, plans du nuage de points et photos 360\u00b0, notre \u00e9quipe va cr\u00e9er une maquette 3D ArchiCAD d\u2019une zone \u00e0 l\u2019EST du b\u00e2timent et \u00e9galement sortir des plans 2D dwg et PDF .\u00a0\u00a0<\/p>\n<!-- \/wp:paragraph -->\n\n<!-- wp:paragraph -->\n<p>Notre \u00e9quipe commence d\u00e8s aujourd\u2019hui le traitement des donn\u00e9es acquises lors de l\u2019intervention de scanning. Apr\u00e8s avoir assembl\u00e9 toutes les positions de scans, nous pourrons d\u00e9velopper et livrer les plans et coupes ainsi que la mise en ligne avec acc\u00e8s s\u00e9curis\u00e9 sur notre site, https:\/\/scans.kainoo.ch.&nbsp;<\/p>\n<!-- \/wp:paragraph -->\n\n<!-- wp:paragraph -->\n<p><\/p>\n<!-- \/wp:paragraph -->","_et_gb_content_width":"","inline_featured_image":false,"footnotes":""},"categories":[21,72,15],"tags":[],"class_list":["post-10118","post","type-post","status-publish","format-standard","has-post-thumbnail","hentry","category-architecture","category-nos-realisations","category-scanning-3d"],"yoast_head":"<!-- This site is optimized with the Yoast SEO plugin v27.5 - https:\/\/yoast.com\/product\/yoast-seo-wordpress\/ -->\n<title>KA\u00cfNOO a \u00e9t\u00e9 choisi pour la Prise de mesure d&#039;un b\u00e2timent des CFF<\/title>\n<meta name=\"description\" content=\"Nous sommes ravis de renouveler notre collaboration avec l&#039;\u00e9quipe de Wae S\u00e0rl, mandat\u00e9e pour ce projet et nous les remercions pour leur confiance.\" \/>\n<meta name=\"robots\" content=\"index, follow, max-snippet:-1, max-image-preview:large, max-video-preview:-1\" \/>\n<link rel=\"canonical\" href=\"https:\/\/kainoo.ch\/kainoo-a-ete-choisi-pour-la-prise-de-mesure-dun-batiment-des-cff\/\" \/>\n<meta property=\"og:locale\" content=\"de_DE\" \/>\n<meta property=\"og:type\" content=\"article\" \/>\n<meta property=\"og:title\" content=\"KA\u00cfNOO a \u00e9t\u00e9 choisi pour la Prise de mesure d&#039;un b\u00e2timent des CFF\" \/>\n<meta property=\"og:description\" content=\"Nous sommes ravis de renouveler notre collaboration avec l&#039;\u00e9quipe de Wae S\u00e0rl, mandat\u00e9e pour ce projet et nous les remercions pour leur confiance.\" \/>\n<meta property=\"og:url\" content=\"https:\/\/kainoo.ch\/kainoo-a-ete-choisi-pour-la-prise-de-mesure-dun-batiment-des-cff\/\" \/>\n<meta property=\"og:site_name\" content=\"Ka\u00efnoo\" \/>\n<meta property=\"article:publisher\" content=\"https:\/\/www.facebook.com\/kainoo3D\" \/>\n<meta property=\"article:published_time\" content=\"2023-06-14T08:26:48+00:00\" \/>\n<meta property=\"article:modified_time\" content=\"2023-11-21T09:23:55+00:00\" \/>\n<meta property=\"og:image\" content=\"https:\/\/kainoo.ch\/wp-content\/uploads\/2023\/06\/projet-cff.png\" \/>\n\t<meta property=\"og:image:width\" content=\"1069\" \/>\n\t<meta property=\"og:image:height\" content=\"601\" \/>\n\t<meta property=\"og:image:type\" content=\"image\/png\" \/>\n<meta name=\"author\" content=\"KA\u00cfNOO Formation &amp; Industrie\" \/>\n<meta name=\"twitter:card\" content=\"summary_large_image\" \/>\n<meta name=\"twitter:creator\" content=\"@kainoo_ch\" \/>\n<meta name=\"twitter:site\" content=\"@kainoo_ch\" \/>\n<meta name=\"twitter:label1\" content=\"Verfasst von\" \/>\n\t<meta name=\"twitter:data1\" content=\"KA\u00cfNOO Formation &amp; Industrie\" \/>\n\t<meta name=\"twitter:label2\" content=\"Gesch\u00e4tzte Lesezeit\" \/>\n\t<meta name=\"twitter:data2\" content=\"1\u00a0Minute\" \/>\n<script type=\"application\/ld+json\" class=\"yoast-schema-graph\">{\"@context\":\"https:\\\/\\\/schema.org\",\"@graph\":[{\"@type\":\"Article\",\"@id\":\"https:\\\/\\\/kainoo.ch\\\/kainoo-a-ete-choisi-pour-la-prise-de-mesure-dun-batiment-des-cff\\\/#article\",\"isPartOf\":{\"@id\":\"https:\\\/\\\/kainoo.ch\\\/kainoo-a-ete-choisi-pour-la-prise-de-mesure-dun-batiment-des-cff\\\/\"},\"author\":{\"name\":\"KA\u00cfNOO Formation &amp; Industrie\",\"@id\":\"https:\\\/\\\/kainoo.ch\\\/#\\\/schema\\\/person\\\/abe12c4f28fbf6a144d44b49a0cd2e50\"},\"headline\":\"KA\u00cfNOO a \u00e9t\u00e9 choisi pour la Prise de mesure d&#8217;un b\u00e2timent des CFF\",\"datePublished\":\"2023-06-14T08:26:48+00:00\",\"dateModified\":\"2023-11-21T09:23:55+00:00\",\"mainEntityOfPage\":{\"@id\":\"https:\\\/\\\/kainoo.ch\\\/kainoo-a-ete-choisi-pour-la-prise-de-mesure-dun-batiment-des-cff\\\/\"},\"wordCount\":294,\"publisher\":{\"@id\":\"https:\\\/\\\/kainoo.ch\\\/#organization\"},\"image\":{\"@id\":\"https:\\\/\\\/kainoo.ch\\\/kainoo-a-ete-choisi-pour-la-prise-de-mesure-dun-batiment-des-cff\\\/#primaryimage\"},\"thumbnailUrl\":\"https:\\\/\\\/kainoo.ch\\\/wp-content\\\/uploads\\\/2023\\\/06\\\/projet-cff.png\",\"articleSection\":[\"Architecture\",\"Nos r\u00e9alisations\",\"Scanning 3D\"],\"inLanguage\":\"de\"},{\"@type\":\"WebPage\",\"@id\":\"https:\\\/\\\/kainoo.ch\\\/kainoo-a-ete-choisi-pour-la-prise-de-mesure-dun-batiment-des-cff\\\/\",\"url\":\"https:\\\/\\\/kainoo.ch\\\/kainoo-a-ete-choisi-pour-la-prise-de-mesure-dun-batiment-des-cff\\\/\",\"name\":\"KA\u00cfNOO a \u00e9t\u00e9 choisi pour la Prise de mesure d'un b\u00e2timent des CFF\",\"isPartOf\":{\"@id\":\"https:\\\/\\\/kainoo.ch\\\/#website\"},\"primaryImageOfPage\":{\"@id\":\"https:\\\/\\\/kainoo.ch\\\/kainoo-a-ete-choisi-pour-la-prise-de-mesure-dun-batiment-des-cff\\\/#primaryimage\"},\"image\":{\"@id\":\"https:\\\/\\\/kainoo.ch\\\/kainoo-a-ete-choisi-pour-la-prise-de-mesure-dun-batiment-des-cff\\\/#primaryimage\"},\"thumbnailUrl\":\"https:\\\/\\\/kainoo.ch\\\/wp-content\\\/uploads\\\/2023\\\/06\\\/projet-cff.png\",\"datePublished\":\"2023-06-14T08:26:48+00:00\",\"dateModified\":\"2023-11-21T09:23:55+00:00\",\"description\":\"Nous sommes ravis de renouveler notre collaboration avec l'\u00e9quipe de Wae S\u00e0rl, mandat\u00e9e pour ce projet et nous les remercions pour leur confiance.\",\"breadcrumb\":{\"@id\":\"https:\\\/\\\/kainoo.ch\\\/kainoo-a-ete-choisi-pour-la-prise-de-mesure-dun-batiment-des-cff\\\/#breadcrumb\"},\"inLanguage\":\"de\",\"potentialAction\":[{\"@type\":\"ReadAction\",\"target\":[\"https:\\\/\\\/kainoo.ch\\\/kainoo-a-ete-choisi-pour-la-prise-de-mesure-dun-batiment-des-cff\\\/\"]}]},{\"@type\":\"ImageObject\",\"inLanguage\":\"de\",\"@id\":\"https:\\\/\\\/kainoo.ch\\\/kainoo-a-ete-choisi-pour-la-prise-de-mesure-dun-batiment-des-cff\\\/#primaryimage\",\"url\":\"https:\\\/\\\/kainoo.ch\\\/wp-content\\\/uploads\\\/2023\\\/06\\\/projet-cff.png\",\"contentUrl\":\"https:\\\/\\\/kainoo.ch\\\/wp-content\\\/uploads\\\/2023\\\/06\\\/projet-cff.png\",\"width\":1069,\"height\":601,\"caption\":\"KA\u00cfNOO a \u00e9t\u00e9 choisi par les CFF\"},{\"@type\":\"BreadcrumbList\",\"@id\":\"https:\\\/\\\/kainoo.ch\\\/kainoo-a-ete-choisi-pour-la-prise-de-mesure-dun-batiment-des-cff\\\/#breadcrumb\",\"itemListElement\":[{\"@type\":\"ListItem\",\"position\":1,\"name\":\"Accueil\",\"item\":\"https:\\\/\\\/kainoo.ch\\\/de\\\/home\\\/\"},{\"@type\":\"ListItem\",\"position\":2,\"name\":\"KA\u00cfNOO a \u00e9t\u00e9 choisi pour la Prise de mesure d&rsquo;un b\u00e2timent des CFF\"}]},{\"@type\":\"WebSite\",\"@id\":\"https:\\\/\\\/kainoo.ch\\\/#website\",\"url\":\"https:\\\/\\\/kainoo.ch\\\/\",\"name\":\"KA\u00cfNOO S\u00e0rl\",\"description\":\"3D-Ingenieure und virtuelle Entwickler\",\"publisher\":{\"@id\":\"https:\\\/\\\/kainoo.ch\\\/#organization\"},\"alternateName\":\"KA\u00cfNOO\",\"potentialAction\":[{\"@type\":\"SearchAction\",\"target\":{\"@type\":\"EntryPoint\",\"urlTemplate\":\"https:\\\/\\\/kainoo.ch\\\/?s={search_term_string}\"},\"query-input\":{\"@type\":\"PropertyValueSpecification\",\"valueRequired\":true,\"valueName\":\"search_term_string\"}}],\"inLanguage\":\"de\"},{\"@type\":\"Organization\",\"@id\":\"https:\\\/\\\/kainoo.ch\\\/#organization\",\"name\":\"Ka\u00efnoo\",\"url\":\"https:\\\/\\\/kainoo.ch\\\/\",\"logo\":{\"@type\":\"ImageObject\",\"inLanguage\":\"de\",\"@id\":\"https:\\\/\\\/kainoo.ch\\\/#\\\/schema\\\/logo\\\/image\\\/\",\"url\":\"https:\\\/\\\/kainoo.ch\\\/wp-content\\\/uploads\\\/2021\\\/10\\\/logo-Kainoo.png\",\"contentUrl\":\"https:\\\/\\\/kainoo.ch\\\/wp-content\\\/uploads\\\/2021\\\/10\\\/logo-Kainoo.png\",\"width\":277,\"height\":40,\"caption\":\"Ka\u00efnoo\"},\"image\":{\"@id\":\"https:\\\/\\\/kainoo.ch\\\/#\\\/schema\\\/logo\\\/image\\\/\"},\"sameAs\":[\"https:\\\/\\\/www.facebook.com\\\/kainoo3D\",\"https:\\\/\\\/x.com\\\/kainoo_ch\",\"https:\\\/\\\/www.linkedin.com\\\/company\\\/5173815\\\/\"]},{\"@type\":\"Person\",\"@id\":\"https:\\\/\\\/kainoo.ch\\\/#\\\/schema\\\/person\\\/abe12c4f28fbf6a144d44b49a0cd2e50\",\"name\":\"KA\u00cfNOO Formation &amp; Industrie\"}]}<\/script>\n<!-- \/ Yoast SEO plugin. -->","yoast_head_json":{"title":"KA\u00cfNOO a \u00e9t\u00e9 choisi pour la Prise de mesure d'un b\u00e2timent des CFF","description":"Nous sommes ravis de renouveler notre collaboration avec l'\u00e9quipe de Wae S\u00e0rl, mandat\u00e9e pour ce projet et nous les remercions pour leur confiance.","robots":{"index":"index","follow":"follow","max-snippet":"max-snippet:-1","max-image-preview":"max-image-preview:large","max-video-preview":"max-video-preview:-1"},"canonical":"https:\/\/kainoo.ch\/kainoo-a-ete-choisi-pour-la-prise-de-mesure-dun-batiment-des-cff\/","og_locale":"de_DE","og_type":"article","og_title":"KA\u00cfNOO a \u00e9t\u00e9 choisi pour la Prise de mesure d'un b\u00e2timent des CFF","og_description":"Nous sommes ravis de renouveler notre collaboration avec l'\u00e9quipe de Wae S\u00e0rl, mandat\u00e9e pour ce projet et nous les remercions pour leur confiance.","og_url":"https:\/\/kainoo.ch\/kainoo-a-ete-choisi-pour-la-prise-de-mesure-dun-batiment-des-cff\/","og_site_name":"Ka\u00efnoo","article_publisher":"https:\/\/www.facebook.com\/kainoo3D","article_published_time":"2023-06-14T08:26:48+00:00","article_modified_time":"2023-11-21T09:23:55+00:00","og_image":[{"width":1069,"height":601,"url":"https:\/\/kainoo.ch\/wp-content\/uploads\/2023\/06\/projet-cff.png","type":"image\/png"}],"author":"KA\u00cfNOO Formation &amp; Industrie","twitter_card":"summary_large_image","twitter_creator":"@kainoo_ch","twitter_site":"@kainoo_ch","twitter_misc":{"Verfasst von":"KA\u00cfNOO Formation &amp; Industrie","Gesch\u00e4tzte Lesezeit":"1\u00a0Minute"},"schema":{"@context":"https:\/\/schema.org","@graph":[{"@type":"Article","@id":"https:\/\/kainoo.ch\/kainoo-a-ete-choisi-pour-la-prise-de-mesure-dun-batiment-des-cff\/#article","isPartOf":{"@id":"https:\/\/kainoo.ch\/kainoo-a-ete-choisi-pour-la-prise-de-mesure-dun-batiment-des-cff\/"},"author":{"name":"KA\u00cfNOO Formation &amp; Industrie","@id":"https:\/\/kainoo.ch\/#\/schema\/person\/abe12c4f28fbf6a144d44b49a0cd2e50"},"headline":"KA\u00cfNOO a \u00e9t\u00e9 choisi pour la Prise de mesure d&#8217;un b\u00e2timent des CFF","datePublished":"2023-06-14T08:26:48+00:00","dateModified":"2023-11-21T09:23:55+00:00","mainEntityOfPage":{"@id":"https:\/\/kainoo.ch\/kainoo-a-ete-choisi-pour-la-prise-de-mesure-dun-batiment-des-cff\/"},"wordCount":294,"publisher":{"@id":"https:\/\/kainoo.ch\/#organization"},"image":{"@id":"https:\/\/kainoo.ch\/kainoo-a-ete-choisi-pour-la-prise-de-mesure-dun-batiment-des-cff\/#primaryimage"},"thumbnailUrl":"https:\/\/kainoo.ch\/wp-content\/uploads\/2023\/06\/projet-cff.png","articleSection":["Architecture","Nos r\u00e9alisations","Scanning 3D"],"inLanguage":"de"},{"@type":"WebPage","@id":"https:\/\/kainoo.ch\/kainoo-a-ete-choisi-pour-la-prise-de-mesure-dun-batiment-des-cff\/","url":"https:\/\/kainoo.ch\/kainoo-a-ete-choisi-pour-la-prise-de-mesure-dun-batiment-des-cff\/","name":"KA\u00cfNOO a \u00e9t\u00e9 choisi pour la Prise de mesure d'un b\u00e2timent des CFF","isPartOf":{"@id":"https:\/\/kainoo.ch\/#website"},"primaryImageOfPage":{"@id":"https:\/\/kainoo.ch\/kainoo-a-ete-choisi-pour-la-prise-de-mesure-dun-batiment-des-cff\/#primaryimage"},"image":{"@id":"https:\/\/kainoo.ch\/kainoo-a-ete-choisi-pour-la-prise-de-mesure-dun-batiment-des-cff\/#primaryimage"},"thumbnailUrl":"https:\/\/kainoo.ch\/wp-content\/uploads\/2023\/06\/projet-cff.png","datePublished":"2023-06-14T08:26:48+00:00","dateModified":"2023-11-21T09:23:55+00:00","description":"Nous sommes ravis de renouveler notre collaboration avec l'\u00e9quipe de Wae S\u00e0rl, mandat\u00e9e pour ce projet et nous les remercions pour leur confiance.","breadcrumb":{"@id":"https:\/\/kainoo.ch\/kainoo-a-ete-choisi-pour-la-prise-de-mesure-dun-batiment-des-cff\/#breadcrumb"},"inLanguage":"de","potentialAction":[{"@type":"ReadAction","target":["https:\/\/kainoo.ch\/kainoo-a-ete-choisi-pour-la-prise-de-mesure-dun-batiment-des-cff\/"]}]},{"@type":"ImageObject","inLanguage":"de","@id":"https:\/\/kainoo.ch\/kainoo-a-ete-choisi-pour-la-prise-de-mesure-dun-batiment-des-cff\/#primaryimage","url":"https:\/\/kainoo.ch\/wp-content\/uploads\/2023\/06\/projet-cff.png","contentUrl":"https:\/\/kainoo.ch\/wp-content\/uploads\/2023\/06\/projet-cff.png","width":1069,"height":601,"caption":"KA\u00cfNOO a \u00e9t\u00e9 choisi par les CFF"},{"@type":"BreadcrumbList","@id":"https:\/\/kainoo.ch\/kainoo-a-ete-choisi-pour-la-prise-de-mesure-dun-batiment-des-cff\/#breadcrumb","itemListElement":[{"@type":"ListItem","position":1,"name":"Accueil","item":"https:\/\/kainoo.ch\/de\/home\/"},{"@type":"ListItem","position":2,"name":"KA\u00cfNOO a \u00e9t\u00e9 choisi pour la Prise de mesure d&rsquo;un b\u00e2timent des CFF"}]},{"@type":"WebSite","@id":"https:\/\/kainoo.ch\/#website","url":"https:\/\/kainoo.ch\/","name":"KA\u00cfNOO S\u00e0rl","description":"3D-Ingenieure und virtuelle Entwickler","publisher":{"@id":"https:\/\/kainoo.ch\/#organization"},"alternateName":"KA\u00cfNOO","potentialAction":[{"@type":"SearchAction","target":{"@type":"EntryPoint","urlTemplate":"https:\/\/kainoo.ch\/?s={search_term_string}"},"query-input":{"@type":"PropertyValueSpecification","valueRequired":true,"valueName":"search_term_string"}}],"inLanguage":"de"},{"@type":"Organization","@id":"https:\/\/kainoo.ch\/#organization","name":"Ka\u00efnoo","url":"https:\/\/kainoo.ch\/","logo":{"@type":"ImageObject","inLanguage":"de","@id":"https:\/\/kainoo.ch\/#\/schema\/logo\/image\/","url":"https:\/\/kainoo.ch\/wp-content\/uploads\/2021\/10\/logo-Kainoo.png","contentUrl":"https:\/\/kainoo.ch\/wp-content\/uploads\/2021\/10\/logo-Kainoo.png","width":277,"height":40,"caption":"Ka\u00efnoo"},"image":{"@id":"https:\/\/kainoo.ch\/#\/schema\/logo\/image\/"},"sameAs":["https:\/\/www.facebook.com\/kainoo3D","https:\/\/x.com\/kainoo_ch","https:\/\/www.linkedin.com\/company\/5173815\/"]},{"@type":"Person","@id":"https:\/\/kainoo.ch\/#\/schema\/person\/abe12c4f28fbf6a144d44b49a0cd2e50","name":"KA\u00cfNOO Formation &amp; Industrie"}]}},"_links":{"self":[{"href":"https:\/\/kainoo.ch\/de\/wp-json\/wp\/v2\/posts\/10118","targetHints":{"allow":["GET"]}}],"collection":[{"href":"https:\/\/kainoo.ch\/de\/wp-json\/wp\/v2\/posts"}],"about":[{"href":"https:\/\/kainoo.ch\/de\/wp-json\/wp\/v2\/types\/post"}],"author":[{"embeddable":true,"href":"https:\/\/kainoo.ch\/de\/wp-json\/wp\/v2\/users\/5"}],"replies":[{"embeddable":true,"href":"https:\/\/kainoo.ch\/de\/wp-json\/wp\/v2\/comments?post=10118"}],"version-history":[{"count":13,"href":"https:\/\/kainoo.ch\/de\/wp-json\/wp\/v2\/posts\/10118\/revisions"}],"predecessor-version":[{"id":10793,"href":"https:\/\/kainoo.ch\/de\/wp-json\/wp\/v2\/posts\/10118\/revisions\/10793"}],"wp:featuredmedia":[{"embeddable":true,"href":"https:\/\/kainoo.ch\/de\/wp-json\/wp\/v2\/media\/10119"}],"wp:attachment":[{"href":"https:\/\/kainoo.ch\/de\/wp-json\/wp\/v2\/media?parent=10118"}],"wp:term":[{"taxonomy":"category","embeddable":true,"href":"https:\/\/kainoo.ch\/de\/wp-json\/wp\/v2\/categories?post=10118"},{"taxonomy":"post_tag","embeddable":true,"href":"https:\/\/kainoo.ch\/de\/wp-json\/wp\/v2\/tags?post=10118"}],"curies":[{"name":"wp","href":"https:\/\/api.w.org\/{rel}","templated":true}]}}